	
	
	
	
{"id":435,"name":"Magali Bern\u00e8s-Cabanne","url":"","description":"Bonjour \u00e0 tous!\r\nJ'ai cr\u00e9\u00e9 Du Vent Dans Les Mouettes en 2020 pour mettre ma pierre \u00e0 l'\u00e9difice et encourager le passage au z\u00e9ro d\u00e9chet gr\u00e2ce \u00e0 des alternatives ultra pratiques et color\u00e9es. Rendre l'\u00e9cologie simple et joyeuse, c'est une bonne fa\u00e7on de la rendre plus attractive et abordable. \r\n\r\nToutes mes cr\u00e9ations sont fabriqu\u00e9es artisanalement par mes soins, avec une grande attention port\u00e9e au choix des mati\u00e8res et \u00e0 la qualit\u00e9 des finitions. Parce que qualit\u00e9 = durabilit\u00e9 .\r\n\r\nAvec les Mouettes, vous allez a\u00e9rer vos habitudes et rendre votre quotidien plus sain, durable et positif, tout en favorisant le commerce local et \u00e9quitable. 100% positive enrergy !! ????","link":"https:\/\/www.grintoura.fr\/en\/author\/du-vent-dans-les-mouettes\/","slug":"du-vent-dans-les-mouettes","avatar_urls":{"24":"https:\/\/secure.gravatar.com\/avatar\/2e5734bfe207e4bcef5439a771772a15?s=24&d=mm&r=g","48":"https:\/\/secure.gravatar.com\/avatar\/2e5734bfe207e4bcef5439a771772a15?s=48&d=mm&r=g","96":"https:\/\/secure.gravatar.com\/avatar\/2e5734bfe207e4bcef5439a771772a15?s=96&d=mm&r=g"},"meta":[],"is_super_admin":false,"woocommerce_meta":{"variable_product_tour_shown":"","activity_panel_inbox_last_read":"","activity_panel_reviews_last_read":"","homepage_layout":"","homepage_stats":"","task_list_tracked_started_tasks":"","help_panel_highlight_shown":"","android_app_banner_dismissed":""},"_links":{"self":[{"href":"https:\/\/www.grintoura.fr\/en\/wp-json\/wp\/v2\/users\/435"}],"collection":[{"href":"https:\/\/www.grintoura.fr\/en\/wp-json\/wp\/v2\/users"}]}}