	
	
	
	
{"id":360,"name":"Isabelle Amigues","url":"","description":"Apr\u00e8s 30 ans d'une carri\u00e8re d'infirmi\u00e8re, j'ai ouvert ce Bed&amp;Breakfast en 2011 ainsi qu'une salle de conf\u00e9rences\/s\u00e9minaires r\u00e9servable \u00e0 la m\u00eame adresse. J'ai toujours fait en sorte que cet h\u00e9bergement tr\u00e8s bien situ\u00e9 soit parfait pour vos d\u00e9placements professionnels et me tiens \u00e0 votre disposition pour rendre vos s\u00e9jours confortables et pratiques.\r\n\r\nN\u00e9e dans l'immeuble, il me plait de pr\u00e9senter notre quartier et l'histoire des murs de cette maison \u00e0 nos voyageurs touristiques. A ceux de nos h\u00f4tes qui le souhaitent, je peux compl\u00e9ter les renseignements fournis par l'Office du Tourisme en leur proposant les conseils personnels d'une lyonnaise, pour parfaire leur s\u00e9jour et leur donner envie de revenir dans notre belle ville.","link":"https:\/\/www.grintoura.fr\/en\/author\/les-allees-de-bellecour\/","slug":"les-allees-de-bellecour","avatar_urls":{"24":"https:\/\/secure.gravatar.com\/avatar\/8b9145d65aeadca367ebfcf68187aa2e?s=24&d=mm&r=g","48":"https:\/\/secure.gravatar.com\/avatar\/8b9145d65aeadca367ebfcf68187aa2e?s=48&d=mm&r=g","96":"https:\/\/secure.gravatar.com\/avatar\/8b9145d65aeadca367ebfcf68187aa2e?s=96&d=mm&r=g"},"meta":[],"is_super_admin":false,"woocommerce_meta":{"variable_product_tour_shown":"","activity_panel_inbox_last_read":"","activity_panel_reviews_last_read":"","homepage_layout":"","homepage_stats":"","task_list_tracked_started_tasks":"","help_panel_highlight_shown":"","android_app_banner_dismissed":""},"_links":{"self":[{"href":"https:\/\/www.grintoura.fr\/en\/wp-json\/wp\/v2\/users\/360"}],"collection":[{"href":"https:\/\/www.grintoura.fr\/en\/wp-json\/wp\/v2\/users"}]}}